{"id":35845,"date":"2023-12-11T10:15:58","date_gmt":"2023-12-11T09:15:58","guid":{"rendered":"https:\/\/monumentiaperti.org\/it\/?p=35845"},"modified":"2023-12-11T10:15:58","modified_gmt":"2023-12-11T09:15:58","slug":"con-lestate-tornano-a-cagliari-le-notti-colorate","status":"publish","type":"post","link":"https:\/\/monumentiaperti.com\/it\/news-dal-web-archivio\/con-lestate-tornano-a-cagliari-le-notti-colorate\/","title":{"rendered":"Con l&#8217;estate tornano a Cagliari le &#8220;Notti Colorate&#8221;"},"content":{"rendered":"<p>[fusion_builder_container hundred_percent=&#8221;yes&#8221; overflow=&#8221;visible&#8221; type=&#8221;flex&#8221;][fusion_builder_row][fusion_builder_column type=&#8221;3_5&#8243; layout=&#8221;3_5&#8243; last=&#8221;false&#8221; spacing=&#8221;yes&#8221; center_content=&#8221;no&#8221; hide_on_mobile=&#8221;no&#8221; background_color=&#8221;&#8221; background_image=&#8221;&#8221; background_repeat=&#8221;no-repeat&#8221; background_position=&#8221;left top&#8221; hover_type=&#8221;none&#8221; link=&#8221;&#8221; border_position=&#8221;all&#8221; border_color=&#8221;&#8221; border_style=&#8221;&#8221; padding_top=&#8221;&#8221; padding_right=&#8221;&#8221; padding_bottom=&#8221;&#8221; padding_left=&#8221;&#8221; margin_top=&#8221;&#8221; margin_bottom=&#8221;&#8221; animation_type=&#8221;&#8221; animation_direction=&#8221;&#8221; animation_speed=&#8221;0.1&#8243; animation_offset=&#8221;&#8221; class=&#8221;&#8221; id=&#8221;&#8221; border_sizes_top=&#8221;0px&#8221; border_sizes_bottom=&#8221;0px&#8221; border_sizes_left=&#8221;0px&#8221; border_sizes_right=&#8221;0px&#8221; first=&#8221;true&#8221; spacing_right=&#8221;2.4%&#8221; min_height=&#8221;&#8221; type=&#8221;3_5&#8243;][fusion_text columns=&#8221;&#8221; column_min_width=&#8221;&#8221; column_spacing=&#8221;&#8221; rule_style=&#8221;default&#8221; rule_size=&#8221;&#8221; rule_color=&#8221;&#8221; content_alignment_medium=&#8221;&#8221; content_alignment_small=&#8221;&#8221; content_alignment=&#8221;&#8221; hide_on_mobile=&#8221;small-visibility,medium-visibility,large-visibility&#8221; sticky_display=&#8221;normal,sticky&#8221; class=&#8221;&#8221; id=&#8221;&#8221; font_size=&#8221;&#8221; fusion_font_family_text_font=&#8221;&#8221; fusion_font_variant_text_font=&#8221;&#8221; line_height=&#8221;&#8221; letter_spacing=&#8221;&#8221; text_color=&#8221;&#8221; animation_type=&#8221;&#8221; animation_direction=&#8221;left&#8221; animation_speed=&#8221;0.3&#8243; animation_offset=&#8221;&#8221;]<\/p>\n<p class=\"v1MsoNormal\">Dopo i blocchi dell\u2019estate scorsa per colpa del virus, da gioved\u00ec 1 luglio 2021 ecco di nuovo <span style=\"color: #000000;\"><b>NOTTI COLORATE<\/b>\u00a0\u2013\u00a0<b><i>Storie di vita, d\u2019arte e di commercio<\/i><\/b><\/span>, l&#8217;iniziativa estiva di spettacoli e animazione organizzato da <b>Il crogiuolo<\/b>, che si inserisce nella manifestazione voluta dall\u2019Assessorato alle Attivit\u00e0 Produttive e Turismo del Comune di Cagliari. Cagliari e i suoi commercianti storici. Citt\u00e0 sul mare, dedita ai <i>negotia<\/i>, crocevia di scambi fin dall\u2019antichit\u00e0. Una lunga storia di vie, quartieri, fatti e persone.<\/p>\n<p class=\"v1MsoNormal\"><span style=\"color: #000000;\"><strong>Fra il 1 e il 29 luglio, tutti i gioved\u00ec<\/strong><\/span>, un programma variegato curato da\u00a0Rita Atzeri, direttrice artistica della storica compagnia cagliaritana, cinque notti \u2013 \u201c<b>gialla, \u201cazzurra\u201d, \u201crossa\u201d, \u201cverde\u201d, \u201cviola\u201d<\/b>\u00a0\u2013 di\u00a0<i>shopping e spettacoli sotto le stelle<\/i>, con alcuni protagonisti della scena teatrale, e musicale, regionale, nel rispetto delle norme anti-Covid.<\/p>\n<blockquote>\n<p class=\"v1MsoNormal\"><i>\u201cNotti Colorate nasce<\/i>\u00a0\u2013 spiega Atzeri \u2013\u00a0<i>con l\u2019intento di offrire un\u2019occasione di intrattenimento a residenti e turisti che nelle notti estive animano le vie dello shopping. Il crogiuolo da tre anni a questa parte, rispondendo al bando dell\u2019Assessorato comunale alle Attivit\u00e0 Produttive, sta cercando di proporre delle iniziative culturali e di spettacolo che abbiano il pregio di fornire una visione diversa di Cagliari, approfondendo o scoprendo personaggi ed episodi che fannno parte della storia della citt\u00e0. Dopo i Garzia e i Cao nella scorsa edizione, quest\u2019anno<\/i>\u00a0\u2013 sottolinea la direttrice artistica del Crogiuolo \u2013\u00a0<i>abbiamo pensato di narrare le vicende di altre famiglie di commercianti il cui successo \u00e8 legato alla storia di Cagliari, come i Bolla, i Cillocco, i Grassi, i Mundula. Nonostante le difficolt\u00e0 di programmazione e organizzazione, siamo contenti di aver portato in porto il progetto anche nel 2021\u2033<\/i>.<\/p>\n<\/blockquote>\n<p class=\"v1MsoNormal\">Al pubblico verr\u00e0 richiesta la massima collaborazione per rispettare le norme di sicurezza vigenti: la prenotazione del proprio posto con un messaggio WhatsApp al numero\u00a0334 8821892; \u00e8 consigliabile l\u2019arrivo con almeno 20 minuti d\u2019anticipo rispetto all\u2019orario di inizio degli appuntamenti.<\/p>\n<p>[\/fusion_text][\/fusion_builder_column][fusion_builder_column type=&#8221;2_5&#8243; layout=&#8221;2_5&#8243; last=&#8221;true&#8221; spacing=&#8221;yes&#8221; center_content=&#8221;no&#8221; hide_on_mobile=&#8221;no&#8221; background_color=&#8221;&#8221; background_image=&#8221;&#8221; background_repeat=&#8221;no-repeat&#8221; background_position=&#8221;left top&#8221; hover_type=&#8221;none&#8221; link=&#8221;&#8221; border_position=&#8221;all&#8221; border_color=&#8221;&#8221; border_style=&#8221;&#8221; padding_top=&#8221;&#8221; padding_right=&#8221;&#8221; padding_bottom=&#8221;&#8221; padding_left=&#8221;&#8221; margin_top=&#8221;&#8221; margin_bottom=&#8221;&#8221; animation_type=&#8221;&#8221; animation_direction=&#8221;&#8221; animation_speed=&#8221;0.1&#8243; animation_offset=&#8221;&#8221; class=&#8221;&#8221; id=&#8221;&#8221; border_sizes_top=&#8221;0px&#8221; border_sizes_bottom=&#8221;0px&#8221; border_sizes_left=&#8221;0px&#8221; border_sizes_right=&#8221;0px&#8221; first=&#8221;false&#8221; spacing_left=&#8221;1.6%&#8221; min_height=&#8221;&#8221; type=&#8221;2_5&#8243;][fusion_imageframe image_id=&#8221;35859|full&#8221; max_width=&#8221;&#8221; sticky_max_width=&#8221;&#8221; style_type=&#8221;&#8221; blur=&#8221;&#8221; stylecolor=&#8221;&#8221; hover_type=&#8221;none&#8221; bordersize=&#8221;&#8221; bordercolor=&#8221;&#8221; borderradius=&#8221;&#8221; align_medium=&#8221;none&#8221; align_small=&#8221;none&#8221; align=&#8221;none&#8221; margin_top=&#8221;&#8221; margin_right=&#8221;&#8221; margin_bottom=&#8221;&#8221; margin_left=&#8221;&#8221; lightbox=&#8221;no&#8221; gallery_id=&#8221;&#8221; lightbox_image=&#8221;&#8221; lightbox_image_id=&#8221;&#8221; alt=&#8221;&#8221; link=&#8221;&#8221; linktarget=&#8221;_self&#8221; hide_on_mobile=&#8221;small-visibility,medium-visibility,large-visibility&#8221; sticky_display=&#8221;normal,sticky&#8221; class=&#8221;&#8221; id=&#8221;&#8221; animation_type=&#8221;&#8221; animation_direction=&#8221;left&#8221; animation_speed=&#8221;0.3&#8243; animation_offset=&#8221;&#8221; filter_hue=&#8221;0&#8243; filter_saturation=&#8221;100&#8243; filter_brightness=&#8221;100&#8243; filter_contrast=&#8221;100&#8243; filter_invert=&#8221;0&#8243; filter_sepia=&#8221;0&#8243; filter_opacity=&#8221;100&#8243; filter_blur=&#8221;0&#8243; filter_hue_hover=&#8221;0&#8243; filter_saturation_hover=&#8221;100&#8243; filter_brightness_hover=&#8221;100&#8243; filter_contrast_hover=&#8221;100&#8243; filter_invert_hover=&#8221;0&#8243; filter_sepia_hover=&#8221;0&#8243; filter_opacity_hover=&#8221;100&#8243; filter_blur_hover=&#8221;0&#8243;]https:\/\/monumentiaperti.org\/it\/wp-content\/uploads\/2021\/06\/notti-colorate-cagliari2020.jpeg[\/fusion_imageframe][fusion_accordion type=&#8221;&#8221; boxed_mode=&#8221;&#8221; border_size=&#8221;1&#8243; border_color=&#8221;&#8221; background_color=&#8221;&#8221; hover_color=&#8221;&#8221; divider_line=&#8221;&#8221; title_font_size=&#8221;&#8221; icon_size=&#8221;&#8221; icon_color=&#8221;&#8221; icon_boxed_mode=&#8221;&#8221; icon_box_color=&#8221;&#8221; icon_alignment=&#8221;&#8221; toggle_hover_accent_color=&#8221;&#8221; hide_on_mobile=&#8221;small-visibility,medium-visibility,large-visibility&#8221; class=&#8221;&#8221; id=&#8221;&#8221;][fusion_toggle title=&#8221;NOTTE GIALLA &#8211; 1 LUGLIO&#8221; open=&#8221;no&#8221; class=&#8221;&#8221; id=&#8221;&#8221;]<\/p>\n<p class=\"v1MsoNormal\">Si parte\u00a0<b>gioved\u00ec 1 luglio<\/b>, in piazza del Carmine dalle 18 alle 21, con\u00a0<b>JUKE-BOX DI POESIA<\/b>, di e con Rosetta Martellini, attrice di prosa e docente di dizione poetica.<b>\u00a0<\/b>Non uno spettacolo teatrale, non teatro di strada, non un reading, ma una vera e propria animazione poetica, dove \u00e8 il pubblico \u2013 pochi spettatori, massimo quattro per volta \u2013 a scegliere cosa vuole ascoltare fra circa cinquecento poesie, divise per autore e per argomento. Lo spettatore si ferma, si siede su delle sedie interamente decorate di parole, indossa delle cuffie (in realt\u00e0 imbuti da tanica rivestiti di velluto rosso sipario) per potere ascoltare la voce dell\u2019attrice amplificata, senza il disturbo di rumori esterni. Un\u2019esperienza unica, \u201cestemporanea\u201d, un incontro intimo, confidenziale, con un catalogo curato dalla Martellini, che testimonia la sua passione per la poesia e il paziente lavoro di raccolta e selezione: si va dai versi di classici italiani e stranieri, come Dante, Leopardi, Ungaretti, Emily Dickinson, Rilke, Neruda, Alda Merini, a quelli di Trilussa, Belli, Stefano Benni.<\/p>\n<p class=\"v1MsoNormal\">A seguire, alle 21, sempre\u00a0in Piazza del Carmine, arriva il musicista Nicola Agus, depositario, fra tradizione e innovazione, dell\u2019arte del suono delle launeddas.\u00a0<b>VIAGGIO MUSICALE CON 80 STRUMENTI<\/b>, il titolo della sua performance,<b>\u00a0<\/b>ispirato al famoso romanzo d\u2019avventura \u201cGiro del mondo in ottanta giorni\u201d di Jules Verne. Lo spettacolo segue la metafora del viaggio, con un percorso musicale in cui i luoghi fisici diventano emozionali con l\u2019unione di musica e immagini, dove\u00a0le sonorit\u00e0 delle launeddas svestono gli abiti della tradizione ed entrano in un mondo di suoni moderni e contemporanei. Tutti gli strumenti utilizzati dialogano fra loro, evidenziando caratteristiche e sonorit\u00e0 affini fino a rintracciare le pi\u00f9 remote radici comuni. La contaminazione \u00e8 alla base di questa ricerca artistica e musicale, un esperimento sul filo della new age.\u00a0Gli strumenti utilizzati durante la performance provengono da tutto il mondo, dal bacino del Mediterraneo alle aree nordiche e celtiche, spostandosi a Occidente verso l\u2019America e a Oriente fino alla Cina. Alcuni sono costruiti dallo stesso Agus, interessato anche all\u2019aspetto propriamente fisico e materiale di ogni strumento.<b>\u00a0<\/b><\/p>\n<p>[\/fusion_toggle][fusion_toggle title=&#8221;NOTTE AZZURRA &#8211; 8 LUGLIO&#8221; open=&#8221;no&#8221; class=&#8221;&#8221; id=&#8221;&#8221;]<\/p>\n<p class=\"v1MsoNormal\">L\u2019<b>8 luglio\u00a0<\/b>la notte si colora diversamente, si passa dalla \u201cgialla\u201d all&#8217;\u201dazzurra\u201d, ma il programma prosegue, vario.<b>\u00a0<\/b>In piazza Garibaldi, alle 18, si comincia con<b>\u00a0IL GATTO CON GLI STIVALI<\/b>, spettacolo per famiglie liberamente ispirato alla versione di Charles Perrault.<\/p>\n<p class=\"v1MsoNormal\">Questa produzione della compagnia algherese Teatro d\u2019Inverno \u2013 adattamento e regia di Giuseppe Ligios, in scena Gianfranco Corona, Giuseppe Caragliu e lo stesso Ligios \u2013 si ispira alla famosa fiaba che affonda le sue origini nella met\u00e0 del \u2018500, poi ripresa da innumerevoli autori, come i fratelli Grimm e, appunto, Perrault. Il protagonista \u00e8 il figlio minore di un mugnaio, che alla morte del padre riceve in eredit\u00e0 null\u2019altro che un gatto, che invece si riveler\u00e0 la soluzione a tutti i problemi del suo giovane padrone. Il felino, parlante, in cambio di un vecchio paio di stivali sapr\u00e0 congegnare una serie di astuti piani affinch\u00e8 il Re di quelle terre scambi il suo umile padrone per il ricco Marchese di Carabas. Nella versione del Teatro d\u2019Inverno alcune licenze: il Re \u00e8 un bonaccione alle prese con un servitore irriverente; il Gatto un abile incantatore un po\u2019 \u201ctamarro\u201d; il giovane \u00e8 Germano, figlio del mugnaio, complice suo malgrado dei piani strampalati dell\u2019amico felino; l\u2019Orco Fiatomorto un bullo troppo sensibile alle lusinghe.<\/p>\n<p class=\"v1MsoNormal\">A seguire, sempre in piazza Garibaldi, alle 19.15\u00a0<b>HOPE! HOPE! HOPLA!<\/b>,\u00a0di e con Pasquale Imperiale e Vincenzo De Rosa(Produzione Teatro del Sottosuolo). Il duo di clown \u201cI Nipoti di Bernardone\u201d, Imperiale e De Rosa, sono Piumino e Putip\u00f9, due clown giocolieri che conquistano subito il pubblico dei pi\u00f9 piccoli ma anche dei pi\u00f9 grandi. In questo lavoro i due attori si confrontano ancora un volta con la semplicit\u00e0 tipica dell\u2019arte della clownerie, quella semplicit\u00e0 che porta stupore e meraviglia, dove tutto pu\u00f2 diventare \u201csorpresa\u201d. E la sorpresa \u00e8 data da un cappello che sembra volare, da una giostra di fuoco, dalla velocit\u00e0 di un numero acrobatico che l\u2019occhio non pu\u00f2 svelare, dalla poesia racchiusa in un gesto, dalla risata che scoppia incontrollata per un\u2019azione improvvisa dell\u2019uno o un\u2019espressione dell\u2019altro.<\/p>\n<p class=\"v1MsoNormal\">Lo spettacolo si sviluppa secondo una sequenza di gag comiche in un crescendo di abilit\u00e0 tecniche e di risate. I giochi tradizionali della clownerie e le tecniche della giocoleria e dell\u2019acrobatica intrecciano insieme i fili di uno spettacolo con una struttura solida ma aperto all\u2019improvvisazione. La musica fa da contrappunto sonoro, sottolineando e raccontando le emozioni e gli scambi tra i due clown giocolieri. Il risultato \u00e8 un misto di poesia, comicit\u00e0 e rigore dall\u2019esito esilarante.<\/p>\n<p class=\"v1MsoNormal\">Dalle 19 alle 21 nel quartiere di Is Mirrionis gli\u00a0<b>Interventi musicali<\/b>\u00a0a cura dell\u2019associazione\u00a0 Symponia, nata diversi anni fa dalla collaborazione e dal lavoro sinergico di alcuni musicisti cresciuti e operanti in realt\u00e0 diverse, desiderosi di dare valenza sociale e aggregativa alla cultura e alla musica, con particolare attenzione a tutte quelle espressioni che riguardano in primo luogo le tradizioni isolane, folcloriche, culturali e storiche.<\/p>\n<p class=\"v1MsoNormal\">Alle 21.30 approda in piazza San Giacomo\u00a0<b>CAGLIARI, STORIE DI VITA E DI LAVORO: I CILLOCCO<\/b>, con testo di Rita Atzeri ed Elena Pau voce narrante protagonista (produzione La Fabbrica Illuminata). Si racconta la storia della famiglia Cillocco, cognome mutato in Cilloccu per un errore anagrafico, titolare dell\u2019antica gioielleria \u201cCilloco\u201d di via Manno, legata da stretta parentela anche alla famiglia Cao, il Marino imprenditore che diede vita a una nota fabbrica di mobili e che ha lasciato una storica testimonianza con le immagini girate durante la Festa di Sant\u2019Efisio nella Cagliari distrutta dai bombardamenti nel 1943.<\/p>\n<p>[\/fusion_toggle][fusion_toggle title=&#8221;NOTTE ROSA &#8211; 15 LUGLIO&#8221; open=&#8221;no&#8221; class=&#8221;&#8221; id=&#8221;&#8221;]<\/p>\n<p class=\"v1MsoNormal\">Si parte in piazza Garibaldi, alle 18, con <b>STRAVANATO SCI\u00d2<\/b>, spettacolo di giocoleria con Simone Orr\u00fa (produzione Teatro del Sottosuolo).<\/p>\n<p class=\"v1MsoNormal\">Si prosegue in piazza del Carmine, alle 20.30, con\u00a0<b>COMARE VARDETTA &amp; CO<\/b>, produzione\u00a0dei\u00a0Barbariciridicoli,\u00a0ideata e diretta da Tino Belloni,\u00a0interpretata da Rosa Virdis, Roberto Piredda, Maddalena Solinas, Francesco Obino, Bianca Pinna, Angela Vitali, Mattea Cherubini, Giovanna Pittalis, Letizia Marras, Sebastiano Mastino.<\/p>\n<p class=\"v1MsoNormal\">Comare Vardetta &amp; CO<b>\u00a0<\/b>\u00e8\u00a0un classico esempio di animazione di strada. Lo spettacolo \u00e8 focalizzato ironicamente sulla figura tipica della Comare sarda, donna anziana (e spesso vedova), molto curiosa (e spesso impicciona), chiacchierona (spesso petulante), che sa tutto di tutti e, se non lo sa, tutto deve sapere, in modo che non gli manchino gli argomenti per le sue conversazioni. Nel loro tipico e antiquato costume in\u00a0<i>isciallu, muccadore e vardetta<\/i>, le chiassose Comari, con le loro spesso strambe storie personali, si presenteranno inizialmente in forma mimetica o invisibile, ovvero, mischiandosi al pubblico, intercetteranno con sketch, gag e battute a soggetto gli occasionali spettatori, che verranno trasformati in spett-attori, sollecitati al dialogo e resi partecipi e co-protagonisti della performance. Lo spettacolo definisce un rapporto diretto con il pubblico, rompendo la cosiddetta \u201cquarta parete\u201d che solitamente divide gli attori dagli spettatori.<b><\/b><\/p>\n<p class=\"v1MsoNormal\">Fra le 20 e le 22 \u00a0ancora gli <b>Interventi musicali<\/b>\u00a0a cura di Symponia, e alle 21.30 in piazza San Giacomo\u00a0<b>CAGLIARI, STORIE DI VITA E DI LAVORO: BOLLA GIOCATTOLI<\/b>, su testo di Rita Atzeri, con Elena Pau<b>\u00a0<\/b>(produzione La Fabbrica Illuminata).<b>\u00a0<\/b>La storia del pi\u00f9 antico negozio di giocattoli di Cagliari, che venne aperto dalla famiglia Bolla nel Corso Vittorio Emanuele nel 1860.<b><\/b><\/p>\n<p>[\/fusion_toggle][fusion_toggle title=&#8221;NOTTE VERDE &#8211; 22 LUGLIO&#8221; open=&#8221;no&#8221; class=&#8221;&#8221; id=&#8221;&#8221;]<\/p>\n<p class=\"v1MsoNormal\">Il verde \u00e8 un colore che fa pensare all\u2019infanzia e si comincer\u00e0 in piazza Garibaldi, alle 18, con <b>LA PRINCIPESSA DELLE NUVOLE<\/b>, spettacolo proprio per i pi\u00f9 piccoli, prodotto da S\u2019Arza Teatro, con la regia di Romano Foddai e gli attori Maria Paola Dess\u00ec, Francesco e Stefano Petretto.<\/p>\n<p class=\"v1MsoNormal\">Nella fiaba viene narrata l\u2019antica storia dell\u2019amore fra la Principessa delle Nuvole e un piccolo contadino. Una favola senza tempo, ambientata all\u2019epoca in cui uomini e animali vivevano in pace fra di loro e il mondo era dominato da valori universali come rispetto e amicizia.<\/p>\n<p class=\"v1MsoNormal\">A seguire, sempre in piazza Garibaldi, alle 20,\u00a0<b>JUST\u00a0 FOREVER<\/b>, testo, regia, scena e costumi di Virginia Garau, con Nigeria Floris, Daniela Melis, Caterina Peddis, Carmen Porcu, Siparietti Finali dei Quadri, parole e movimenti di Marco Nateri (produzione Tragodia; realizzazione oggetti di scena: Rossella Sestu; realizzazione gioielli: Nigeria Floris; musiche originali: Paolo Congia; disegno luci: Giuseppe Onnis; audio: Federico Floris).<\/p>\n<p class=\"v1MsoNormal\">\u201cJust Forever\u201d \u00e8 una divertente commedia musicale, che vuole raccontare il mondo delle donne attraverso uno spaccato storico-sociale che attraversa ottant\u2019anni della nostra storia, dagli anni \u201940 fino a oggi.\u00a0L\u2019ambientazione\u00a0\u00e8 sempre la stessa, un gineceo impazzito ed esilarante: una giovane e ingenua ragazza (che non si vede mai in scena) che sta per sposarsi, una mamma spregiudicata e libertina, una nonna disincantata e poco propensa\u00a0all\u2019igiene, una zia zitella e timorata di Dio, ma con qualche scheletro\u00a0nell\u2019armadio, e non solo, un\u2019amica zitella rosa\u00a0dall\u2019invidia\u00a0verso la sposina.\u00a0Le quattro donne, tra liti e complesse relazioni interpersonali, attraversano gli anni in cui importanti cambiamenti hanno condizionato il loro universo.<\/p>\n<p class=\"v1MsoNormal\">In piazza San Giacomo, alle 21.30, sar\u00e0 la volta di\u00a0<b>CAGLIARI, STORIE DI VITA E DI LAVORO: I GRASSI<\/b>, con testo di Rita Atzeri, la collaborazione di Massimiliano Messina, in scena Isella Orchis e Cesare Saliu (produzione Il crogiuolo \u2013 Le voci di Astarte).<\/p>\n<p class=\"v1MsoNormal\">Raccontate ancora attraverso la forma narrativa teatralizzata, le vicende della famiglia Grassi, che diede vita alla storica Armeria di via Baylle a Cagliari: da Elio, il capostipite, che la fond\u00f2 nel 1921 (ricorre quindi il centenario), ai figli Hoder Claro, di cui si narra anche la vita artistica (fu un pittore conosciuto, in particolare fra gli anni 50 e 60 del secolo scorso), e Sergio, che la gestirono insieme per diversi anni, fino ai giorni nostri con la gestione degli eredi di Sergio Grassi.<\/p>\n<p>[\/fusion_toggle][fusion_toggle title=&#8221;NOTTE VIOLA &#8211; 29 LUGLIO&#8221; open=&#8221;no&#8221; class=&#8221;&#8221; id=&#8221;&#8221;]<\/p>\n<p class=\"v1MsoNormal\">E\u2019 il viola a colorare la notte che chiuder\u00e0 la rassegna di spettacoli e animazione del Crogiuolo: in piazza Garibaldi alle 18, il via viene dato da <b>NON CHIAMATEMI PESCACANE<\/b>, presentazione del \u00a0libro di Fabio Pisu animata da spettacolo di burattini (produzione Mondo Animato). Il testo, edito dalla Condaghes, \u00e8 rivolto ai bambini e ai ragazzi dagli 8 fino ai 13 anni e racconta di un\u2019amicizia tra uno squalo e un bambino. Mirko \u00e8 uno squalo curioso di conoscere la terra e gli esseri umani, per\u00f2 deve stare attento agli uomini che potrebbero pescarlo. Marco, invece, \u00e8 un bambino appassionato della vita marina, ma deve tenersi alla larga proprio dagli squali. La storia si svolge nelle acque limpide della Sardegna, dove Mirko e Marco vivono e nuotano. Si tratta, purtroppo, di un ambiente minacciato perch\u00e9 un\u2019enorme isola di plastica si avvicina ogni giorno di pi\u00f9 alla costa. I due protagonisti dimostreranno che le minacce si sconfiggono solo se si rimane uniti e l\u2019ambiente si salva con piccoli grandi gesti.<\/p>\n<p class=\"v1MsoNormal\">Alle 21, in piazza San Giacomo, la performance\u00a0<b>ARCHITETTURE DI DANZA<\/b>, una produzione Asmed \u2013 Balletto di Sardegna, e alle 21.30, per concludere, sotto i riflettori\u00a0<b>CAGLIARI, STORIE DI VITA E DI LAVORO: I MUNDULA<\/b>, testo di Rita Atzeri, collaborazione di Massimiliano Messina, con Maria Grazia Bodio e Franco Siddi (produzione Il crogiuolo \u2013 Le voci di Astarte). La storia \u201cdrammatizzata\u201d di un\u2019altra famiglia, quella dei Mundula, che ha legato le sue vicende alla nascita di due attivit\u00e0 storiche della citt\u00e0 di Cagliari: il Ristorante Italia, nato nel 1921 (compie 100 anni, come l\u2019Armeria Grassi, le due famiglie sono anche legate da rapporti di parentela) e l\u2019Hotel Italia in via Sardegna.<\/p>\n<p>[\/fusion_toggle][\/fusion_accordion][\/fusion_builder_column][\/fusion_builder_row][\/fusion_builder_container]<\/p>\n","protected":false},"excerpt":{"rendered":"<p>[fusion_builder_container hundred_percent=&#8221;yes&#8221; overflow=&#8221;visible&#8221; type=&#8221;flex&#8221;][fusion_builder_row][fusion_builder_column type=&#8221;3_5&#8243; layout=&#8221;3_5&#8243; last=&#8221;false&#8221; spacing=&#8221;yes&#8221; center_content=&#8221;no&#8221; hide_on_mobile=&#8221;no&#8221; background_color=&#8221;&#8221; background_image=&#8221;&#8221; background_repeat=&#8221;no-repeat&#8221; background_position=&#8221;left top&#8221; hover_type=&#8221;none&#8221; link=&#8221;&#8221; border_position=&#8221;all&#8221; border_color=&#8221;&#8221; border_style=&#8221;&#8221; padding_top=&#8221;&#8221; padding_right=&#8221;&#8221; padding_bottom=&#8221;&#8221; padding_left=&#8221;&#8221; margin_top=&#8221;&#8221; margin_bottom=&#8221;&#8221; animation_type=&#8221;&#8221; animation_direction=&#8221;&#8221; animation_speed=&#8221;0.1&#8243; animation_offset=&#8221;&#8221; [&hellip;]<\/p>\n","protected":false},"author":2,"featured_media":35859,"comment_status":"open","ping_status":"closed","sticky":false,"template":"","format":"standard","meta":{"footnotes":""},"categories":[193],"tags":[],"class_list":["post-35845","post","type-post","status-publish","format-standard","has-post-thumbnail","hentry","category-news-dal-web-archivio"],"_links":{"self":[{"href":"https:\/\/monumentiaperti.com\/it\/wp-json\/wp\/v2\/posts\/35845","targetHints":{"allow":["GET"]}}],"collection":[{"href":"https:\/\/monumentiaperti.com\/it\/wp-json\/wp\/v2\/posts"}],"about":[{"href":"https:\/\/monumentiaperti.com\/it\/wp-json\/wp\/v2\/types\/post"}],"author":[{"embeddable":true,"href":"https:\/\/monumentiaperti.com\/it\/wp-json\/wp\/v2\/users\/2"}],"replies":[{"embeddable":true,"href":"https:\/\/monumentiaperti.com\/it\/wp-json\/wp\/v2\/comments?post=35845"}],"version-history":[{"count":1,"href":"https:\/\/monumentiaperti.com\/it\/wp-json\/wp\/v2\/posts\/35845\/revisions"}],"predecessor-version":[{"id":50241,"href":"https:\/\/monumentiaperti.com\/it\/wp-json\/wp\/v2\/posts\/35845\/revisions\/50241"}],"wp:featuredmedia":[{"embeddable":true,"href":"https:\/\/monumentiaperti.com\/it\/wp-json\/wp\/v2\/media\/35859"}],"wp:attachment":[{"href":"https:\/\/monumentiaperti.com\/it\/wp-json\/wp\/v2\/media?parent=35845"}],"wp:term":[{"taxonomy":"category","embeddable":true,"href":"https:\/\/monumentiaperti.com\/it\/wp-json\/wp\/v2\/categories?post=35845"},{"taxonomy":"post_tag","embeddable":true,"href":"https:\/\/monumentiaperti.com\/it\/wp-json\/wp\/v2\/tags?post=35845"}],"curies":[{"name":"wp","href":"https:\/\/api.w.org\/{rel}","templated":true}]}}